{"id":1342759,"date":"2025-10-31T09:47:39","date_gmt":"2025-10-31T08:47:39","guid":{"rendered":"https:\/\/www.luklagroup.com\/success-story\/rtm-a-digital-workplace-for-mobility-professionals\/"},"modified":"2026-02-04T16:10:49","modified_gmt":"2026-02-04T15:10:49","slug":"rtm-a-digital-workplace-for-mobility-professionals","status":"publish","type":"success-story","link":"https:\/\/www.luklagroup.com\/en\/success-story\/rtm-a-digital-workplace-for-mobility-professionals\/","title":{"rendered":"RTM &#8211; A Digital Workplace for mobility professionals"},"content":{"rendered":"\n<div style=\"height:50px\" aria-hidden=\"true\" class=\"wp-block-spacer\"><\/div>\n\n<div class=\"wp-block-group section-title is-vertical is-content-justification-center is-layout-flex wp-container-core-group-is-layout-b032f303 wp-block-group-is-layout-flex\">\n<h2 class=\"wp-block-heading has-text-align-center has-light-indigo-color has-text-color has-link-color has-x-large-font-size wp-elements-cd70d378b78a969a888913e862da2ca8\" style=\"font-style:italic;font-weight:800;text-transform:uppercase\">Context<\/h2>\n<\/div>\n\n<div class=\"wp-block-group alignwide has-global-padding is-layout-constrained wp-block-group-is-layout-constrained\" style=\"margin-bottom:var(--wp--preset--spacing--block-spacing)\">\n<div class=\"wp-block-columns alignwide are-vertically-aligned-center is-layout-flex wp-container-core-columns-is-layout-97d981de wp-block-columns-is-layout-flex\">\n<div class=\"wp-block-column is-vertically-aligned-center is-layout-flow wp-block-column-is-layout-flow\">\n<figure class=\"wp-block-image aligncenter size-full has-custom-border\"><img decoding=\"async\" width=\"1500\" height=\"1125\" src=\"https:\/\/www.luklagroup.com\/wp-content\/uploads\/2025\/10\/imac-24-inch.jpg\" alt=\"imac 24 inch\" class=\"wp-image-911184\" style=\"border-radius:10px\" srcset=\"https:\/\/www.luklagroup.com\/wp-content\/uploads\/2025\/10\/imac-24-inch.jpg 1500w, https:\/\/www.luklagroup.com\/wp-content\/uploads\/2025\/10\/imac-24-inch-300x225.jpg 300w, https:\/\/www.luklagroup.com\/wp-content\/uploads\/2025\/10\/imac-24-inch-1024x768.jpg 1024w, https:\/\/www.luklagroup.com\/wp-content\/uploads\/2025\/10\/imac-24-inch-768x576.jpg 768w\" sizes=\"(max-width: 1500px) 100vw, 1500px\" \/><\/figure>\n<\/div>\n\n\n\n<div class=\"wp-block-column is-vertically-aligned-center is-layout-flow wp-block-column-is-layout-flow\">\n<p><strong>The customer:<\/strong> R\u00e9gie des Transports M\u00e9tropolitains (RTM), an \u00c9tablissement Public \u00e0 Caract\u00e8re Industriel et Commercial (EPIC), operates the urban transport networks and complementary mobility services contractually entrusted to it by the M\u00e9tropole Aix-Marseille-Provence (AMP).  <\/p>\n\n\n\n<p><strong>The problem:<\/strong> RTM&#8217;s intranet, designed in 2018, is no longer adapted to current uses: little consulted, especially by non-connected staff, it lacks ergonomics and centralization. Business tools are scattered and not integrated, which complicates employees&#8217; day-to-day work. As a result, the intranet no longer meets needs, has not been adopted and is slowing down the dissemination of internal information.  <\/p>\n\n\n\n<p><strong>The objective:<\/strong> The aim of the intranet overhaul is to provide all employees with a single, modern, unifying tool that will become the reference source of information on the life of the Group. The project aims to design a platform that is at once communicative, social, collaborative, documentary and Digital Workplace-oriented. <\/p>\n<\/div>\n<\/div>\n<\/div>\n\n<div class=\"wp-block-group section-title is-vertical is-content-justification-center is-layout-flex wp-container-core-group-is-layout-29835b57 wp-block-group-is-layout-flex\" style=\"margin-top:var(--wp--preset--spacing--x-large);margin-bottom:var(--wp--preset--spacing--small)\">\n<h2 class=\"wp-block-heading has-text-align-center has-light-indigo-color has-text-color has-link-color has-x-large-font-size wp-elements-3eaf32875bda2a41f6c0045f99684bb6\" style=\"font-style:italic;font-weight:800;text-transform:uppercase\">The l\u00f9kla approach<\/h2>\n\n\n\n<p class=\"has-text-align-center\">Anchored in the <strong>company&#8217;s corporate project<\/strong>, the project was carried out in <strong>co-construction<\/strong> with Communications, the IT Department, HR and the business lines in the field. <br\/>This participative approach enabled us to design a <strong>common core aligned with actual usage<\/strong>, favoring simplicity, mobility and inclusion for all agents.<\/p>\n<\/div>\n\n<div class=\"wp-block-columns alignwide is-layout-flex wp-container-core-columns-is-layout-adb08bd6 wp-block-columns-is-layout-flex\" style=\"margin-bottom:var(--wp--preset--spacing--block-spacing)\">\n<div class=\"wp-block-column is-layout-flow wp-block-column-is-layout-flow\">\n<div class=\"wp-block-group is-nowrap is-layout-flex wp-container-core-group-is-layout-6c531013 wp-block-group-is-layout-flex\">\n<i class=\"wp-block-lukla-icon-block icon i-check has-dark-indigo-background-color has-background has-large-font-size\"\/>\n\n\n\n<p><strong>Profiled and secure<\/strong>: <br\/>Personalized access and data protection to guarantee confidentiality and compliance.<\/p>\n<\/div>\n\n\n\n<div class=\"wp-block-group is-nowrap is-layout-flex wp-container-core-group-is-layout-6c531013 wp-block-group-is-layout-flex\">\n<i class=\"wp-block-lukla-icon-block icon i-check has-dark-indigo-background-color has-background has-large-font-size\"\/>\n\n\n\n<p><strong>Governance and co-construction: <br\/><\/strong>Clear governance has been put in place (COPIL, COPROJ, workshops with business referents). Co-construction workshops helped define the main principles of the future <strong>intranet<\/strong>. <\/p>\n<\/div>\n\n\n\n<div class=\"wp-block-group is-nowrap is-layout-flex wp-container-core-group-is-layout-6c531013 wp-block-group-is-layout-flex\">\n<i class=\"wp-block-lukla-icon-block icon i-check has-dark-indigo-background-color has-background has-large-font-size\"\/>\n\n\n\n<p><strong>Training<\/strong>: <br\/>Training by profile (contributors, administrators, end-users), coordinating the network of correspondents.<\/p>\n<\/div>\n<\/div>\n\n\n\n<div class=\"wp-block-column is-layout-flow wp-block-column-is-layout-flow\">\n<div class=\"wp-block-group is-nowrap is-layout-flex wp-container-core-group-is-layout-6c531013 wp-block-group-is-layout-flex\">\n<i class=\"wp-block-lukla-icon-block icon i-check has-dark-indigo-background-color has-background has-large-font-size\"\/>\n\n\n\n<p><strong>Alignment with actual usage:<br\/><\/strong>The needs of <strong>connected and non-connected staff<\/strong> have been prioritized: mobile access, TV broadcasting in depots, push notifications and content profiled by job and area of interest.<\/p>\n<\/div>\n\n\n\n<div class=\"wp-block-group is-nowrap is-layout-flex wp-container-core-group-is-layout-6c531013 wp-block-group-is-layout-flex\">\n<i class=\"wp-block-lukla-icon-block icon i-check has-dark-indigo-background-color has-background has-large-font-size\"\/>\n\n\n\n<p><strong>Enhanced ergonomics and accessibility<\/strong>: <br\/>responsive interface, <strong>RGAA-compliant<\/strong> design, content accessible in less than 3 clicks, and navigation adapted to all media (computer, tablet, mobile, TV).<\/p>\n<\/div>\n<\/div>\n<\/div>\n\n<div class=\"wp-block-group section-title is-vertical is-content-justification-center is-layout-flex wp-container-core-group-is-layout-53050b5c wp-block-group-is-layout-flex\" style=\"margin-top:var(--wp--preset--spacing--block-spacing)\">\n<h2 class=\"wp-block-heading has-text-align-center has-light-indigo-color has-text-color has-link-color has-x-large-font-size wp-elements-017dcf89bbc9d06ccfc8b9cd59ca63ac\" style=\"font-style:italic;font-weight:800;text-transform:uppercase\">What made the difference<\/h2>\n<\/div>\n\n<div class=\"wp-block-group alignwide two-columns-img-list has-global-padding is-layout-constrained wp-block-group-is-layout-constrained\" style=\"margin-top:var(--wp--preset--spacing--extrasmall);margin-bottom:0\">\n<div class=\"wp-block-columns alignwide are-vertically-aligned-center is-layout-flex wp-container-core-columns-is-layout-9b38e794 wp-block-columns-is-layout-flex\" style=\"margin-bottom:var(--wp--preset--spacing--medium-large)\">\n<div class=\"wp-block-column is-vertically-aligned-center is-layout-flow wp-block-column-is-layout-flow\">\n<figure class=\"wp-block-image aligncenter size-full has-custom-border\"><img decoding=\"async\" width=\"1500\" height=\"1125\" src=\"https:\/\/www.luklagroup.com\/wp-content\/uploads\/2025\/10\/iphone-13-pro.jpg\" alt=\"iphone 13 pro\" class=\"wp-image-911188\" style=\"border-radius:20px\" srcset=\"https:\/\/www.luklagroup.com\/wp-content\/uploads\/2025\/10\/iphone-13-pro.jpg 1500w, https:\/\/www.luklagroup.com\/wp-content\/uploads\/2025\/10\/iphone-13-pro-300x225.jpg 300w, https:\/\/www.luklagroup.com\/wp-content\/uploads\/2025\/10\/iphone-13-pro-1024x768.jpg 1024w, https:\/\/www.luklagroup.com\/wp-content\/uploads\/2025\/10\/iphone-13-pro-768x576.jpg 768w\" sizes=\"(max-width: 1500px) 100vw, 1500px\" \/><\/figure>\n<\/div>\n\n\n\n<div class=\"wp-block-column is-vertically-aligned-center list has-global-padding is-layout-constrained wp-container-core-column-is-layout-23cc8a20 wp-block-column-is-layout-constrained\">\n<div class=\"wp-block-group is-nowrap is-layout-flex wp-container-core-group-is-layout-1b11d160 wp-block-group-is-layout-flex\">\n<i class=\"wp-block-lukla-icon-block icon i-check has-dark-indigo-background-color has-background has-medium-font-size\"\/>\n\n\n\n<p><strong>A &#8220;Deskless&#8221; intranet for field staff <\/strong><br\/>Benefit from a dedicated mobile application to access the intranet on the move and be alerted by notifications when needed.  <\/p>\n<\/div>\n\n\n\n<div class=\"wp-block-group is-nowrap is-layout-flex wp-container-core-group-is-layout-1b11d160 wp-block-group-is-layout-flex\">\n<i class=\"wp-block-lukla-icon-block icon i-check has-dark-indigo-background-color has-background has-medium-font-size\"\/>\n\n\n\n<p><strong>A unified, customizable portal<\/strong>: <br\/>Modular home page, <strong>configurable widgets<\/strong>, <strong>access to business applications<\/strong>, cross-functional search engine and dynamic alert banner.<\/p>\n<\/div>\n\n\n\n<div class=\"wp-block-group is-nowrap is-layout-flex wp-container-core-group-is-layout-1b11d160 wp-block-group-is-layout-flex\">\n<i class=\"wp-block-lukla-icon-block icon i-check has-dark-indigo-background-color has-background has-medium-font-size\"\/>\n\n\n\n<p><strong>Seamless integration with the RTM IS<\/strong>: <br\/>Native connections with <strong>Outlook, Teams, Horoquartz and Jobbook<\/strong>, workflow and form management via <strong>JProcess<\/strong>.<\/p>\n<\/div>\n\n\n\n<p><\/p>\n<\/div>\n<\/div>\n<\/div>\n\n<div class=\"wp-block-group alignwide two-columns-img-list is-horizontal is-layout-flex wp-block-group-is-layout-flex\" style=\"margin-top:var(--wp--preset--spacing--extrasmall);margin-bottom:var(--wp--preset--spacing--block-spacing)\">\n<div class=\"wp-block-columns alignwide are-vertically-aligned-center is-layout-flex wp-container-core-columns-is-layout-28f84493 wp-block-columns-is-layout-flex\">\n<div class=\"wp-block-column is-vertically-aligned-center is-layout-flow wp-block-column-is-layout-flow\">\n<div class=\"wp-block-group is-nowrap is-layout-flex wp-container-core-group-is-layout-1b11d160 wp-block-group-is-layout-flex\">\n<i class=\"wp-block-lukla-icon-block icon i-check has-dark-indigo-background-color has-background has-medium-font-size\"\/>\n\n\n\n<p><strong>Visible communication everywhere<\/strong>: <br\/>Broadcast news and alerts on <strong>connected TVs<\/strong> installed in depots and workshops.<\/p>\n<\/div>\n\n\n\n<div class=\"wp-block-group is-nowrap is-layout-flex wp-container-core-group-is-layout-1b11d160 wp-block-group-is-layout-flex\">\n<i class=\"wp-block-lukla-icon-block icon i-check has-dark-indigo-background-color has-background has-medium-font-size\"\/>\n\n\n\n<p><strong>An approach focused on usage and impact measurement<\/strong>: <br\/>Implementation of Jalios audience indicators to track news consultation and agent engagement.<\/p>\n<\/div>\n<\/div>\n\n\n\n<div class=\"wp-block-column is-vertically-aligned-center is-layout-flow wp-block-column-is-layout-flow\">\n<figure class=\"wp-block-image aligncenter size-full\"><img decoding=\"async\" width=\"800\" height=\"533\" src=\"https:\/\/www.luklagroup.com\/wp-content\/uploads\/2025\/10\/tv-rtm.jpg\" alt=\"tv rtm\" class=\"wp-image-950968\" style=\"aspect-ratio:16\/9;object-fit:cover\" srcset=\"https:\/\/www.luklagroup.com\/wp-content\/uploads\/2025\/10\/tv-rtm.jpg 800w, https:\/\/www.luklagroup.com\/wp-content\/uploads\/2025\/10\/tv-rtm-300x200.jpg 300w, https:\/\/www.luklagroup.com\/wp-content\/uploads\/2025\/10\/tv-rtm-768x512.jpg 768w\" sizes=\"(max-width: 800px) 100vw, 800px\" \/><\/figure>\n<\/div>\n<\/div>\n<\/div>\n\n<div class=\"wp-block-group section-title is-vertical is-content-justification-center is-layout-flex wp-container-core-group-is-layout-53050b5c wp-block-group-is-layout-flex\" style=\"margin-top:var(--wp--preset--spacing--block-spacing)\">\n<h2 class=\"wp-block-heading has-text-align-center has-light-indigo-color has-text-color has-link-color has-x-large-font-size wp-elements-c7d8966c229ab32eadcd1cda4939b372\" style=\"font-style:italic;font-weight:800;text-transform:uppercase\">get in touch<\/h2>\n<\/div>\n\n<p><\/p>\n","protected":false},"featured_media":911062,"template":"","category-success-story":[265],"class_list":{"0":"post-1342759","1":"success-story","2":"type-success-story","3":"status-publish","4":"has-post-thumbnail","6":"category-success-story-digital-workplace"},"_links":{"self":[{"href":"https:\/\/www.luklagroup.com\/en\/wp-json\/wp\/v2\/success-story\/1342759","targetHints":{"allow":["GET"]}}],"collection":[{"href":"https:\/\/www.luklagroup.com\/en\/wp-json\/wp\/v2\/success-story"}],"about":[{"href":"https:\/\/www.luklagroup.com\/en\/wp-json\/wp\/v2\/types\/success-story"}],"wp:featuredmedia":[{"embeddable":true,"href":"https:\/\/www.luklagroup.com\/en\/wp-json\/wp\/v2\/media\/911062"}],"wp:attachment":[{"href":"https:\/\/www.luklagroup.com\/en\/wp-json\/wp\/v2\/media?parent=1342759"}],"wp:term":[{"taxonomy":"category-success-story","embeddable":true,"href":"https:\/\/www.luklagroup.com\/en\/wp-json\/wp\/v2\/category-success-story?post=1342759"}],"curies":[{"name":"wp","href":"https:\/\/api.w.org\/{rel}","templated":true}]}}