{"id":1342655,"date":"2025-08-25T17:02:10","date_gmt":"2025-08-25T15:02:10","guid":{"rendered":"https:\/\/www.luklagroup.com\/success-story\/o-local-de-trabalho-digital-ao-servico-dos-trabalhadores\/"},"modified":"2026-02-04T14:44:01","modified_gmt":"2026-02-04T13:44:01","slug":"o-local-de-trabalho-digital-ao-servico-dos-trabalhadores","status":"publish","type":"success-story","link":"https:\/\/www.luklagroup.com\/pt-pt\/hist\u00f3ria-de-sucesso\/o-local-de-trabalho-digital-ao-servico-dos-trabalhadores\/","title":{"rendered":"O local de trabalho digital ao servi\u00e7o dos trabalhadores"},"content":{"rendered":"\n<div style=\"height:50px\" aria-hidden=\"true\" class=\"wp-block-spacer\"><\/div>\n\n<div class=\"wp-block-group section-title is-vertical is-content-justification-center is-layout-flex wp-container-core-group-is-layout-b032f303 wp-block-group-is-layout-flex\">\n<h2 class=\"wp-block-heading has-text-align-center has-light-indigo-color has-text-color has-link-color has-x-large-font-size wp-elements-e3bccd0fb6131ded416c8013b7b87a07\" style=\"font-style:italic;font-weight:800;text-transform:uppercase\">Contexto<\/h2>\n<\/div>\n\n<div class=\"wp-block-group alignwide has-global-padding is-layout-constrained wp-block-group-is-layout-constrained\" style=\"margin-bottom:var(--wp--preset--spacing--block-spacing)\">\n<div class=\"wp-block-columns alignwide are-vertically-aligned-center is-layout-flex wp-container-core-columns-is-layout-97d981de wp-block-columns-is-layout-flex\">\n<div class=\"wp-block-column is-vertically-aligned-center is-layout-flow wp-block-column-is-layout-flow\">\n<figure class=\"wp-block-image alignright size-full has-custom-border\"><img decoding=\"async\" width=\"410\" height=\"242\" src=\"https:\/\/www.luklagroup.com\/wp-content\/uploads\/2025\/08\/macbook-pro-16-1-1.png\" alt=\"macbook pro 16 (1) 1\" class=\"wp-image-674967\" style=\"border-radius:10px\" srcset=\"https:\/\/www.luklagroup.com\/wp-content\/uploads\/2025\/08\/macbook-pro-16-1-1.png 410w, https:\/\/www.luklagroup.com\/wp-content\/uploads\/2025\/08\/macbook-pro-16-1-1-300x177.png 300w\" sizes=\"(max-width: 410px) 100vw, 410px\" \/><\/figure>\n<\/div>\n\n\n\n<div class=\"wp-block-column is-vertically-aligned-center is-layout-flow wp-block-column-is-layout-flow\">\n<p>Com mais de 36.000 empregados em 1.700 estabelecimentos, a VYV\u00b3 enfrentava um grande desafio: unir as suas equipas em torno de ferramentas comuns e de uma cultura comum, simplificando simultaneamente a comunica\u00e7\u00e3o entre os n\u00edveis nacional e local. Para refor\u00e7ar a sua atra\u00e7\u00e3o e apoiar o seu desenvolvimento de gest\u00e3o, a empresa decidiu implementar um Digital Workplace. <\/p>\n\n\n\n<p>O objetivo deste projeto \u00e9 colocar os trabalhadores no centro da transforma\u00e7\u00e3o, facilitar o acesso \u00e0s aplica\u00e7\u00f5es empresariais e oferecer um portal unificado, concebido como uma verdadeira alavanca de coes\u00e3o e autonomia.<\/p>\n<\/div>\n<\/div>\n<\/div>\n\n<div class=\"wp-block-group section-title is-vertical is-content-justification-center is-layout-flex wp-container-core-group-is-layout-29835b57 wp-block-group-is-layout-flex\" style=\"margin-top:var(--wp--preset--spacing--x-large);margin-bottom:var(--wp--preset--spacing--small)\">\n<h2 class=\"wp-block-heading has-text-align-center has-light-indigo-color has-text-color has-link-color has-x-large-font-size wp-elements-49e5076b02c915d7dd27b01926b4e21c\" style=\"font-style:italic;font-weight:800;text-transform:uppercase\">A abordagem l\u00f9kla<\/h2>\n\n\n\n<p class=\"has-text-align-center\">Para apoiar a Vyv\u00b3, implement\u00e1mos uma abordagem colaborativa centrada na experi\u00eancia do utilizador, a fim de envolver os funcion\u00e1rios <br\/>desde as primeiras fases da implementa\u00e7\u00e3o do Digital Workplace.<\/p>\n<\/div>\n\n<div class=\"wp-block-columns alignwide is-layout-flex wp-container-core-columns-is-layout-adb08bd6 wp-block-columns-is-layout-flex\" style=\"margin-bottom:var(--wp--preset--spacing--block-spacing)\">\n<div class=\"wp-block-column is-layout-flow wp-block-column-is-layout-flow\">\n<div class=\"wp-block-group is-nowrap is-layout-flex wp-container-core-group-is-layout-6c531013 wp-block-group-is-layout-flex\">\n<i class=\"wp-block-lukla-icon-block icon i-check has-dark-indigo-background-color has-background has-large-font-size\"\/>\n\n\n\n<p><strong>Diagn\u00f3stico e auditoria da utiliza\u00e7\u00e3o:<\/strong><br\/>Mapeamento das necessidades, avalia\u00e7\u00e3o da cultura interna, estudo do ambiente inform\u00e1tico, compila\u00e7\u00e3o das expectativas e dos constrangimentos dos utilizadores e da empresa.<\/p>\n<\/div>\n\n\n\n<div class=\"wp-block-group is-nowrap is-layout-flex wp-container-core-group-is-layout-6c531013 wp-block-group-is-layout-flex\">\n<i class=\"wp-block-lukla-icon-block icon i-check has-dark-indigo-background-color has-background has-large-font-size\"\/>\n\n\n\n<p><strong>Forma\u00e7\u00e3o:<\/strong><br\/>Forma\u00e7\u00e3o por perfil (colaboradores, administradores, utilizadores finais), <br\/>coordena\u00e7\u00e3o da rede de correspondentes.<\/p>\n<\/div>\n<\/div>\n\n\n\n<div class=\"wp-block-column is-layout-flow wp-block-column-is-layout-flow\">\n<div class=\"wp-block-group is-nowrap is-layout-flex wp-container-core-group-is-layout-6c531013 wp-block-group-is-layout-flex\">\n<i class=\"wp-block-lukla-icon-block icon i-check has-dark-indigo-background-color has-background has-large-font-size\"\/>\n\n\n\n<p><strong>Workshops colaborativos e co-constru\u00e7\u00e3o:<\/strong><br\/>Co-design de interfaces com utilizadores empresariais (design e enquadramento Ux\/Ui). <br\/>Idea\u00e7\u00e3o, prototipagem, teste e implementa\u00e7\u00e3o de maquetas interactivas.<\/p>\n<\/div>\n\n\n\n<div class=\"wp-block-group is-nowrap is-layout-flex wp-container-core-group-is-layout-6c531013 wp-block-group-is-layout-flex\">\n<i class=\"wp-block-lukla-icon-block icon i-check has-dark-indigo-background-color has-background has-large-font-size\"\/>\n\n\n\n<p><strong>Implanta\u00e7\u00e3o gradual:<\/strong><br\/>Piloto com 3 regi\u00f5es priorit\u00e1rias, depois implanta\u00e7\u00e3o gradual noutras regi\u00f5es.<\/p>\n<\/div>\n<\/div>\n<\/div>\n\n<div class=\"wp-block-group has-global-padding is-layout-constrained wp-block-group-is-layout-constrained\">\n<div style=\"height:30px\" aria-hidden=\"true\" class=\"wp-block-spacer\"><\/div>\n<\/div>\n\n<div class=\"wp-block-group section-title is-vertical is-content-justification-center is-layout-flex wp-container-core-group-is-layout-b032f303 wp-block-group-is-layout-flex\">\n<h2 class=\"wp-block-heading has-text-align-center has-light-indigo-color has-text-color has-link-color has-x-large-font-size wp-elements-b1a76d57db346368e2cfd5cc5f2ddf37\" style=\"font-style:italic;font-weight:800;text-transform:uppercase\">O que fez a diferen\u00e7a<\/h2>\n\n\n\n<div style=\"height:100px;width:0px\" aria-hidden=\"true\" class=\"wp-block-spacer wp-container-content-b0b89ccb\"><\/div>\n<\/div>\n\n<div class=\"wp-block-group alignwide two-columns-img-list has-global-padding is-layout-constrained wp-block-group-is-layout-constrained\" style=\"margin-top:var(--wp--preset--spacing--extrasmall);margin-bottom:var(--wp--preset--spacing--block-spacing)\">\n<div class=\"wp-block-columns alignwide are-vertically-aligned-center is-layout-flex wp-container-core-columns-is-layout-28f84493 wp-block-columns-is-layout-flex\">\n<div class=\"wp-block-column is-vertically-aligned-center is-layout-flow wp-block-column-is-layout-flow\" style=\"flex-basis:45%\">\n<figure class=\"wp-block-image alignright size-full is-resized has-custom-border\"><img decoding=\"async\" width=\"420\" height=\"315\" src=\"https:\/\/www.luklagroup.com\/wp-content\/uploads\/2025\/08\/mockup-1.png\" alt=\"maquete\" class=\"wp-image-675135\" style=\"border-radius:20px;width:414px;height:auto\" srcset=\"https:\/\/www.luklagroup.com\/wp-content\/uploads\/2025\/08\/mockup-1.png 420w, https:\/\/www.luklagroup.com\/wp-content\/uploads\/2025\/08\/mockup-1-300x225.png 300w\" sizes=\"(max-width: 420px) 100vw, 420px\" \/><\/figure>\n<\/div>\n\n\n\n<div class=\"wp-block-column is-vertically-aligned-center list has-global-padding is-layout-constrained wp-container-core-column-is-layout-23cc8a20 wp-block-column-is-layout-constrained\">\n<div class=\"wp-block-group is-nowrap is-layout-flex wp-container-core-group-is-layout-1b11d160 wp-block-group-is-layout-flex\">\n<i class=\"wp-block-lukla-icon-block icon i-check has-dark-indigo-background-color has-background has-medium-font-size\"\/>\n\n\n\n<p>Coordena\u00e7\u00e3o das equipas de TI e comerciais para garantir a integra\u00e7\u00e3o harmoniosa de novas ferramentas e pr\u00e1ticas.  <\/p>\n<\/div>\n\n\n\n<div class=\"wp-block-group is-nowrap is-layout-flex wp-container-core-group-is-layout-1b11d160 wp-block-group-is-layout-flex\">\n<i class=\"wp-block-lukla-icon-block icon i-check has-dark-indigo-background-color has-background has-medium-font-size\"\/>\n\n\n\n<p>Grupo de utilizadores embaixadores: para encorajar a ado\u00e7\u00e3o gradual e o apoio local.<\/p>\n<\/div>\n\n\n\n<div class=\"wp-block-group is-nowrap is-layout-flex wp-container-core-group-is-layout-1b11d160 wp-block-group-is-layout-flex\">\n<i class=\"wp-block-lukla-icon-block icon i-check has-dark-indigo-background-color has-background has-medium-font-size\"\/>\n\n\n\n<p>Uma abordagem participativa e humana, envolvendo os trabalhadores em todas as fases.<\/p>\n<\/div>\n\n\n\n<div class=\"wp-block-group is-nowrap is-layout-flex wp-container-core-group-is-layout-1b11d160 wp-block-group-is-layout-flex\">\n<i class=\"wp-block-lukla-icon-block icon i-check has-dark-indigo-background-color has-background has-medium-font-size\"\/>\n\n\n\n<p>Abordagem alinhada com os valores Vyv3: autonomia, bem-estar, inova\u00e7\u00e3o de gest\u00e3o, coes\u00e3o territorial.<\/p>\n<\/div>\n<\/div>\n<\/div>\n<\/div>\n\n<div class=\"wp-block-group alignwide group-values has-global-padding is-layout-constrained wp-block-group-is-layout-constrained\">\n<div class=\"wp-block-group alignfull group-values__quote is-nowrap is-layout-flex wp-container-core-group-is-layout-9b6d83ce wp-block-group-is-layout-flex\"\/>\n<\/div>\n\n<div class=\"wp-block-group section-title is-vertical is-content-justification-center is-layout-flex wp-container-core-group-is-layout-53050b5c wp-block-group-is-layout-flex\" style=\"margin-top:var(--wp--preset--spacing--block-spacing)\">\n<h2 class=\"wp-block-heading has-text-align-center has-light-indigo-color has-text-color has-link-color has-x-large-font-size wp-elements-9fa9289d7201fcaa5949c8776311ec9f\" style=\"font-style:italic;font-weight:800;text-transform:uppercase\">entra em contacto<\/h2>\n<\/div>\n\n<p><\/p>\n","protected":false},"featured_media":675165,"template":"","category-success-story":[265],"class_list":{"0":"post-1342655","1":"success-story","2":"type-success-story","3":"status-publish","4":"has-post-thumbnail","6":"category-success-story-digital-workplace"},"_links":{"self":[{"href":"https:\/\/www.luklagroup.com\/pt-pt\/wp-json\/wp\/v2\/success-story\/1342655","targetHints":{"allow":["GET"]}}],"collection":[{"href":"https:\/\/www.luklagroup.com\/pt-pt\/wp-json\/wp\/v2\/success-story"}],"about":[{"href":"https:\/\/www.luklagroup.com\/pt-pt\/wp-json\/wp\/v2\/types\/success-story"}],"wp:featuredmedia":[{"embeddable":true,"href":"https:\/\/www.luklagroup.com\/pt-pt\/wp-json\/wp\/v2\/media\/675165"}],"wp:attachment":[{"href":"https:\/\/www.luklagroup.com\/pt-pt\/wp-json\/wp\/v2\/media?parent=1342655"}],"wp:term":[{"taxonomy":"category-success-story","embeddable":true,"href":"https:\/\/www.luklagroup.com\/pt-pt\/wp-json\/wp\/v2\/category-success-story?post=1342655"}],"curies":[{"name":"wp","href":"https:\/\/api.w.org\/{rel}","templated":true}]}}