{"id":1342656,"date":"2025-09-19T10:29:12","date_gmt":"2025-09-19T08:29:12","guid":{"rendered":"https:\/\/www.luklagroup.com\/success-story\/suporte-e-exploracao-de-equipamentos-informaticos-regiao-grand-est\/"},"modified":"2026-02-04T14:44:00","modified_gmt":"2026-02-04T13:44:00","slug":"suporte-e-exploracao-de-equipamentos-informaticos-regiao-grand-est","status":"publish","type":"success-story","link":"https:\/\/www.luklagroup.com\/pt-pt\/hist\u00f3ria-de-sucesso\/suporte-e-exploracao-de-equipamentos-informaticos-regiao-grand-est\/","title":{"rendered":"Suporte e explora\u00e7\u00e3o de equipamentos inform\u00e1ticos &#8211; Regi\u00e3o Grand Est"},"content":{"rendered":"\n<p><\/p>\n\n<div class=\"wp-block-group section-title is-vertical is-content-justification-center is-layout-flex wp-container-core-group-is-layout-b032f303 wp-block-group-is-layout-flex\">\n<h2 class=\"wp-block-heading has-text-align-center has-light-indigo-color has-text-color has-link-color has-x-large-font-size wp-elements-e3bccd0fb6131ded416c8013b7b87a07\" style=\"font-style:italic;font-weight:800;text-transform:uppercase\">Contexto<\/h2>\n<\/div>\n\n<div class=\"wp-block-group alignwide has-global-padding is-layout-constrained wp-block-group-is-layout-constrained\" style=\"margin-bottom:var(--wp--preset--spacing--block-spacing)\">\n<div class=\"wp-block-columns alignwide are-vertically-aligned-center is-layout-flex wp-container-core-columns-is-layout-97d981de wp-block-columns-is-layout-flex\">\n<div class=\"wp-block-column is-vertically-aligned-center is-layout-flow wp-block-column-is-layout-flow\">\n<figure class=\"wp-block-image size-full has-custom-border\"><img decoding=\"async\" width=\"1255\" height=\"835\" src=\"https:\/\/www.luklagroup.com\/wp-content\/uploads\/2025\/09\/istock-1971347139.jpg\" alt=\"um gestor de apoio t&#xE9;cnico multicultural numa chamada telef&#xF3;nica com um cliente.\" class=\"wp-image-739776\" style=\"border-radius:10px\" srcset=\"https:\/\/www.luklagroup.com\/wp-content\/uploads\/2025\/09\/istock-1971347139.jpg 1255w, https:\/\/www.luklagroup.com\/wp-content\/uploads\/2025\/09\/istock-1971347139-300x200.jpg 300w, https:\/\/www.luklagroup.com\/wp-content\/uploads\/2025\/09\/istock-1971347139-1024x681.jpg 1024w, https:\/\/www.luklagroup.com\/wp-content\/uploads\/2025\/09\/istock-1971347139-768x511.jpg 768w\" sizes=\"(max-width: 1255px) 100vw, 1255px\" \/><\/figure>\n<\/div>\n\n\n\n<div class=\"wp-block-column is-vertically-aligned-center is-layout-flow wp-block-column-is-layout-flow\">\n<p>A Regi\u00e3o Grand Est confiou \u00e0 L\u00f9kla a <strong>gest\u00e3o e o suporte dos seus activos inform\u00e1ticos e infra-estruturas de sistemas<\/strong>. Com mais de 7.500 funcion\u00e1rios e t\u00e9cnicos envolvidos, o objetivo era garantir um <strong>servi\u00e7o eficiente, fi\u00e1vel e escal\u00e1vel<\/strong> para responder \u00e0s necessidades di\u00e1rias dos utilizadores, assegurando simultaneamente um elevado n\u00edvel de qualidade e rastreabilidade. <\/p>\n<\/div>\n<\/div>\n<\/div>\n\n<div class=\"wp-block-group section-title is-vertical is-content-justification-center is-layout-flex wp-container-core-group-is-layout-29835b57 wp-block-group-is-layout-flex\" style=\"margin-top:var(--wp--preset--spacing--x-large);margin-bottom:var(--wp--preset--spacing--small)\">\n<h2 class=\"wp-block-heading has-text-align-center has-light-indigo-color has-text-color has-link-color has-x-large-font-size wp-elements-49e5076b02c915d7dd27b01926b4e21c\" style=\"font-style:italic;font-weight:800;text-transform:uppercase\">A abordagem l\u00f9kla<\/h2>\n\n\n\n<p><\/p>\n\n\n\n<p>Para responder a estes desafios, a L\u00f9kla criou uma organiza\u00e7\u00e3o \u00e1gil e reactiva que cobre todas as necessidades dos clientes.<\/p>\n<\/div>\n\n<div class=\"wp-block-columns alignwide is-layout-flex wp-container-core-columns-is-layout-adb08bd6 wp-block-columns-is-layout-flex\" style=\"margin-bottom:var(--wp--preset--spacing--block-spacing)\">\n<div class=\"wp-block-column is-layout-flow wp-block-column-is-layout-flow\">\n<div class=\"wp-block-group is-nowrap is-layout-flex wp-container-core-group-is-layout-6c531013 wp-block-group-is-layout-flex\">\n<i class=\"wp-block-lukla-icon-block icon i-check has-deep-pink-background-color has-background has-large-font-size\"\/>\n\n\n\n<p><strong>Assist\u00eancia a v\u00e1rios n\u00edveis<\/strong>: interven\u00e7\u00e3o local e funcionamento do Centro de Dados, incluindo zonas restritas.<\/p>\n<\/div>\n\n\n\n<div class=\"wp-block-group is-nowrap is-layout-flex wp-container-core-group-is-layout-6c531013 wp-block-group-is-layout-flex\">\n<i class=\"wp-block-lukla-icon-block icon i-check has-deep-pink-background-color has-background has-large-font-size\"\/>\n\n\n\n<p><strong>Gest\u00e3o completa de activos<\/strong>: suportes de c\u00f3pia de seguran\u00e7a, invent\u00e1rios, planeamento de hardware e cablagem.<\/p>\n<\/div>\n<\/div>\n\n\n\n<div class=\"wp-block-column is-layout-flow wp-block-column-is-layout-flow\">\n<div class=\"wp-block-group is-nowrap is-layout-flex wp-container-core-group-is-layout-6c531013 wp-block-group-is-layout-flex\">\n<i class=\"wp-block-lukla-icon-block icon i-check has-deep-pink-background-color has-background has-large-font-size\"\/>\n\n\n\n<p><strong>Otimiza\u00e7\u00e3o cont\u00ednua<\/strong>: participa\u00e7\u00e3o na melhoria e configura\u00e7\u00e3o da ferramenta ITSM.<\/p>\n<\/div>\n\n\n\n<div class=\"wp-block-group is-nowrap is-layout-flex wp-container-core-group-is-layout-6c531013 wp-block-group-is-layout-flex\">\n<i class=\"wp-block-lukla-icon-block icon i-check has-deep-pink-background-color has-background has-large-font-size\"\/>\n\n\n\n<p><strong>Apoio personalizado \u00e0s empresas<\/strong>: desenvolvimento de solu\u00e7\u00f5es adaptadas \u00e0s necessidades espec\u00edficas das equipas regionais.<\/p>\n<\/div>\n<\/div>\n<\/div>\n\n<div class=\"wp-block-group section-title is-vertical is-content-justification-center is-layout-flex wp-container-core-group-is-layout-b032f303 wp-block-group-is-layout-flex\">\n<h2 class=\"wp-block-heading has-text-align-center has-light-indigo-color has-text-color has-link-color has-x-large-font-size wp-elements-e6d5c84e543cf018cc05c1e61bb3da6f\" style=\"font-style:italic;font-weight:800;text-transform:uppercase\">As nossas fases de produ\u00e7\u00e3o<\/h2>\n\n\n\n<p>A L\u00f9kla estruturou a sua interven\u00e7\u00e3o em torno de 4 etapas fundamentais para garantir o desempenho e a qualidade do servi\u00e7o:<\/p>\n<\/div>\n\n<div class=\"wp-block-group has-global-padding is-layout-constrained wp-block-group-is-layout-constrained\">\n<div class=\"wp-block-group alignfull has-global-padding is-layout-constrained wp-block-group-is-layout-constrained\">\n<div class=\"wp-block-columns alignwide is-layout-flex wp-container-core-columns-is-layout-28f84493 wp-block-columns-is-layout-flex\">\n<div class=\"wp-block-column is-layout-flow wp-block-column-is-layout-flow\">\n<div class=\"wp-block-group has-global-padding is-layout-constrained wp-container-core-group-is-layout-c6e95ff7 wp-block-group-is-layout-constrained\" style=\"margin-top:0;margin-bottom:0;padding-right:0;padding-left:var(--wp--preset--spacing--block-spacing)\">\n<i class=\"wp-block-lukla-icon-block has-text-align-center aligncenter icon i-one shadow has-light-indigo-color has-light-indigo-background-color has-text-color has-background has-link-color wp-elements-33ff8cc607f8e9fc63151c61f9f13acf\"\/>\n<\/div>\n\n\n\n<div class=\"wp-block-group has-global-padding is-layout-constrained wp-container-core-group-is-layout-f5f3bcb8 wp-block-group-is-layout-constrained\">\n<p><strong>Diagn\u00f3stico e organiza\u00e7\u00e3o do apoio<\/strong><\/p>\n\n\n\n<p>Gest\u00e3o de chamadas e formul\u00e1rios, diagn\u00f3stico e resolu\u00e7\u00e3o de incidentes, resposta r\u00e1pida aos pedidos (taxa de tratamento de chamadas de 80%).<\/p>\n<\/div>\n<\/div>\n\n\n\n<div class=\"wp-block-column is-layout-flow wp-block-column-is-layout-flow\">\n<div class=\"wp-block-group has-global-padding is-layout-constrained wp-container-core-group-is-layout-c6e95ff7 wp-block-group-is-layout-constrained\" style=\"margin-top:0;margin-bottom:0;padding-right:0;padding-left:var(--wp--preset--spacing--block-spacing)\">\n<i class=\"wp-block-lukla-icon-block has-text-align-center aligncenter icon i-two shadow has-light-purple-color has-light-purple-background-color has-text-color has-background has-link-color wp-elements-85fd8cc465b07a8f324c13d8928bcc82\"\/>\n<\/div>\n\n\n\n<div class=\"wp-block-group has-global-padding is-layout-constrained wp-container-core-group-is-layout-f5f3bcb8 wp-block-group-is-layout-constrained\">\n<p><strong>Gest\u00e3o operacional da frota e das infra-estruturas<\/strong><\/p>\n\n\n\n<p>Apoio di\u00e1rio a 10 locais administrativos e 180 locais ligados, incluindo telefonia fixa\/m\u00f3vel, videoconfer\u00eancia e gest\u00e3o de impress\u00e3o.<\/p>\n<\/div>\n<\/div>\n\n\n\n<div class=\"wp-block-column is-layout-flow wp-block-column-is-layout-flow\">\n<div class=\"wp-block-group has-global-padding is-layout-constrained wp-container-core-group-is-layout-c6e95ff7 wp-block-group-is-layout-constrained\" style=\"margin-top:0;margin-bottom:0;padding-right:0;padding-left:var(--wp--preset--spacing--block-spacing)\">\n<i class=\"wp-block-lukla-icon-block has-text-align-center aligncenter icon i-three shadow has-orange-color has-orange-background-color has-text-color has-background has-link-color wp-elements-b4ea3bd4994037429013010390f1c5e0\"\/>\n<\/div>\n\n\n\n<div class=\"wp-block-group has-global-padding is-layout-constrained wp-container-core-group-is-layout-f5f3bcb8 wp-block-group-is-layout-constrained\">\n<p><strong>Otimizar os processos ITSM<\/strong><\/p>\n\n\n\n<p>Participa ativamente na configura\u00e7\u00e3o e parametriza\u00e7\u00e3o da ferramenta ITSM para facilitar a gest\u00e3o dos fluxos e melhorar a rastreabilidade.<\/p>\n<\/div>\n<\/div>\n\n\n\n<div class=\"wp-block-column is-layout-flow wp-block-column-is-layout-flow\">\n<div class=\"wp-block-group has-global-padding is-layout-constrained wp-container-core-group-is-layout-c6e95ff7 wp-block-group-is-layout-constrained\" style=\"margin-top:0;margin-bottom:0;padding-right:0;padding-left:var(--wp--preset--spacing--block-spacing)\">\n<i class=\"wp-block-lukla-icon-block has-text-align-center aligncenter icon i-four shadow has-gold-color has-gold-background-color has-text-color has-background has-link-color wp-elements-d71dc697e08c81510cebd151d5f0305e\"\/>\n<\/div>\n\n\n\n<div class=\"wp-block-group has-global-padding is-layout-constrained wp-container-core-group-is-layout-f5f3bcb8 wp-block-group-is-layout-constrained\">\n<p><strong>Desenvolvimento e apoio \u00e0s empresas<\/strong><\/p>\n\n\n\n<p>Conce\u00e7\u00e3o de solu\u00e7\u00f5es espec\u00edficas para responder \u00e0s necessidades da empresa, apoio quotidiano ao pessoal da regi\u00e3o e aos representantes eleitos.<\/p>\n<\/div>\n<\/div>\n<\/div>\n<\/div>\n<\/div>\n\n<div class=\"wp-block-group has-global-padding is-layout-constrained wp-block-group-is-layout-constrained\"\/>\n\n<div class=\"wp-block-group section-title is-vertical is-content-justification-center is-layout-flex wp-container-core-group-is-layout-b032f303 wp-block-group-is-layout-flex\">\n<h2 class=\"wp-block-heading has-text-align-center has-light-indigo-color has-text-color has-link-color has-x-large-font-size wp-elements-b1a76d57db346368e2cfd5cc5f2ddf37\" style=\"font-style:italic;font-weight:800;text-transform:uppercase\">O que fez a diferen\u00e7a<\/h2>\n\n\n\n<p><\/p>\n<\/div>\n\n<div class=\"wp-block-group alignwide two-columns-img-list has-global-padding is-layout-constrained wp-block-group-is-layout-constrained\" style=\"margin-top:var(--wp--preset--spacing--extrasmall);margin-bottom:var(--wp--preset--spacing--block-spacing)\">\n<div class=\"wp-block-columns alignwide are-vertically-aligned-center is-layout-flex wp-container-core-columns-is-layout-28f84493 wp-block-columns-is-layout-flex\">\n<div class=\"wp-block-column is-vertically-aligned-center is-layout-flow wp-block-column-is-layout-flow\">\n<figure class=\"wp-block-image size-full has-custom-border\"><img decoding=\"async\" width=\"724\" height=\"483\" src=\"https:\/\/www.luklagroup.com\/wp-content\/uploads\/2025\/09\/istock-1447107841.jpg\" alt=\"Homem negro, a trabalhar num escrit&#xF3;rio de apoio ao cliente, num call center online, numa empresa de telemarketing na internet. \" class=\"wp-image-739780\" style=\"border-radius:20px\" srcset=\"https:\/\/www.luklagroup.com\/wp-content\/uploads\/2025\/09\/istock-1447107841.jpg 724w, https:\/\/www.luklagroup.com\/wp-content\/uploads\/2025\/09\/istock-1447107841-300x200.jpg 300w\" sizes=\"(max-width: 724px) 100vw, 724px\" \/><\/figure>\n<\/div>\n\n\n\n<div class=\"wp-block-column is-vertically-aligned-center list has-global-padding is-layout-constrained wp-container-core-column-is-layout-23cc8a20 wp-block-column-is-layout-constrained\">\n<div class=\"wp-block-group is-nowrap is-layout-flex wp-container-core-group-is-layout-1b11d160 wp-block-group-is-layout-flex\">\n<i class=\"wp-block-lukla-icon-block icon i-check has-deep-pink-background-color has-background has-medium-font-size\"\/>\n\n\n\n<p><strong>Cobertura em v\u00e1rios locais<\/strong>: Estrasburgo, Metz e Ch\u00e2lons-en-Champagne com uma equipa dedicada e experiente.<\/p>\n<\/div>\n\n\n\n<div class=\"wp-block-group is-nowrap is-layout-flex wp-container-core-group-is-layout-1b11d160 wp-block-group-is-layout-flex\">\n<i class=\"wp-block-lukla-icon-block icon i-check has-deep-pink-background-color has-background has-medium-font-size\"\/>\n\n\n\n<p><strong>Capacidade de operar em ambientes sens\u00edveis<\/strong>, gra\u00e7as \u00e0 nossa experi\u00eancia em zonas ZRR.<\/p>\n<\/div>\n\n\n\n<div class=\"wp-block-group is-nowrap is-layout-flex wp-container-core-group-is-layout-1b11d160 wp-block-group-is-layout-flex\">\n<i class=\"wp-block-lukla-icon-block icon i-check has-deep-pink-background-color has-background has-medium-font-size\"\/>\n\n\n\n<p><strong>Experi\u00eancia em ITSM<\/strong> com otimiza\u00e7\u00e3o e configura\u00e7\u00e3o personalizadas.<\/p>\n<\/div>\n\n\n\n<div class=\"wp-block-group is-nowrap is-layout-flex wp-container-core-group-is-layout-1b11d160 wp-block-group-is-layout-flex\">\n<i class=\"wp-block-lukla-icon-block icon i-check has-deep-pink-background-color has-background has-medium-font-size\"\/>\n\n\n\n<p><strong>Aumento do apoio local<\/strong>, garantindo uma qualidade de servi\u00e7o cont\u00ednua a todos os agentes e t\u00e9cnicos.<\/p>\n<\/div>\n<\/div>\n<\/div>\n<\/div>\n\n<div class=\"wp-block-group section-title is-vertical is-content-justification-center is-layout-flex wp-container-core-group-is-layout-53050b5c wp-block-group-is-layout-flex\" style=\"margin-top:var(--wp--preset--spacing--block-spacing)\">\n<h2 class=\"wp-block-heading has-text-align-center has-light-indigo-color has-text-color has-link-color has-x-large-font-size wp-elements-9fa9289d7201fcaa5949c8776311ec9f\" style=\"font-style:italic;font-weight:800;text-transform:uppercase\">entra em contacto<\/h2>\n<\/div>\n\n<p><\/p>\n","protected":false},"featured_media":775851,"template":"","category-success-story":[266],"class_list":{"0":"post-1342656","1":"success-story","2":"type-success-story","3":"status-publish","4":"has-post-thumbnail","6":"category-success-story-managed-services"},"_links":{"self":[{"href":"https:\/\/www.luklagroup.com\/pt-pt\/wp-json\/wp\/v2\/success-story\/1342656","targetHints":{"allow":["GET"]}}],"collection":[{"href":"https:\/\/www.luklagroup.com\/pt-pt\/wp-json\/wp\/v2\/success-story"}],"about":[{"href":"https:\/\/www.luklagroup.com\/pt-pt\/wp-json\/wp\/v2\/types\/success-story"}],"wp:featuredmedia":[{"embeddable":true,"href":"https:\/\/www.luklagroup.com\/pt-pt\/wp-json\/wp\/v2\/media\/775851"}],"wp:attachment":[{"href":"https:\/\/www.luklagroup.com\/pt-pt\/wp-json\/wp\/v2\/media?parent=1342656"}],"wp:term":[{"taxonomy":"category-success-story","embeddable":true,"href":"https:\/\/www.luklagroup.com\/pt-pt\/wp-json\/wp\/v2\/category-success-story?post=1342656"}],"curies":[{"name":"wp","href":"https:\/\/api.w.org\/{rel}","templated":true}]}}