{"id":1342671,"date":"2025-10-31T09:47:39","date_gmt":"2025-10-31T08:47:39","guid":{"rendered":"https:\/\/www.luklagroup.com\/success-story\/rtm-um-local-de-trabalho-digital-para-profissionais-da-mobilidade\/"},"modified":"2026-02-04T14:43:58","modified_gmt":"2026-02-04T13:43:58","slug":"rtm-um-local-de-trabalho-digital-para-profissionais-da-mobilidade","status":"publish","type":"success-story","link":"https:\/\/www.luklagroup.com\/pt-pt\/hist\u00f3ria-de-sucesso\/rtm-um-local-de-trabalho-digital-para-profissionais-da-mobilidade\/","title":{"rendered":"RTM &#8211; Um local de trabalho digital para profissionais da mobilidade"},"content":{"rendered":"\n<div style=\"height:50px\" aria-hidden=\"true\" class=\"wp-block-spacer\"><\/div>\n\n<div class=\"wp-block-group section-title is-vertical is-content-justification-center is-layout-flex wp-container-core-group-is-layout-b032f303 wp-block-group-is-layout-flex\">\n<h2 class=\"wp-block-heading has-text-align-center has-light-indigo-color has-text-color has-link-color has-x-large-font-size wp-elements-e3bccd0fb6131ded416c8013b7b87a07\" style=\"font-style:italic;font-weight:800;text-transform:uppercase\">Contexto<\/h2>\n<\/div>\n\n<div class=\"wp-block-group alignwide has-global-padding is-layout-constrained wp-block-group-is-layout-constrained\" style=\"margin-bottom:var(--wp--preset--spacing--block-spacing)\">\n<div class=\"wp-block-columns alignwide are-vertically-aligned-center is-layout-flex wp-container-core-columns-is-layout-97d981de wp-block-columns-is-layout-flex\">\n<div class=\"wp-block-column is-vertically-aligned-center is-layout-flow wp-block-column-is-layout-flow\">\n<figure class=\"wp-block-image aligncenter size-full has-custom-border\"><img decoding=\"async\" width=\"1500\" height=\"1125\" src=\"https:\/\/www.luklagroup.com\/wp-content\/uploads\/2025\/10\/imac-24-inch.jpg\" alt=\"imac 24 polegadas\" class=\"wp-image-911184\" style=\"border-radius:10px\" srcset=\"https:\/\/www.luklagroup.com\/wp-content\/uploads\/2025\/10\/imac-24-inch.jpg 1500w, https:\/\/www.luklagroup.com\/wp-content\/uploads\/2025\/10\/imac-24-inch-300x225.jpg 300w, https:\/\/www.luklagroup.com\/wp-content\/uploads\/2025\/10\/imac-24-inch-1024x768.jpg 1024w, https:\/\/www.luklagroup.com\/wp-content\/uploads\/2025\/10\/imac-24-inch-768x576.jpg 768w\" sizes=\"(max-width: 1500px) 100vw, 1500px\" \/><\/figure>\n<\/div>\n\n\n\n<div class=\"wp-block-column is-vertically-aligned-center is-layout-flow wp-block-column-is-layout-flow\">\n<p><strong>O cliente:<\/strong> A R\u00e9gie des Transports M\u00e9tropolitains (RTM), um \u00c9tablissement Public \u00e0 Caract\u00e8re Industriel et Commercial (EPIC), explora as redes de transportes urbanos, bem como os servi\u00e7os complementares de mobilidade que lhe foram contratualmente confiados pela M\u00e9tropole Aix-Marseille-Provence (AMP).  <\/p>\n\n\n\n<p><strong>O problema:<\/strong> a intranet da RTM, concebida em 2018, j\u00e1 n\u00e3o est\u00e1 adaptada \u00e0s utiliza\u00e7\u00f5es actuais: raramente \u00e9 consultada, especialmente por pessoal n\u00e3o ligado, e carece de ergonomia e centraliza\u00e7\u00e3o. As ferramentas de trabalho est\u00e3o dispersas e n\u00e3o integradas, o que complica o trabalho quotidiano dos funcion\u00e1rios. Por conseguinte, a intranet j\u00e1 n\u00e3o responde \u00e0s necessidades, n\u00e3o \u00e9 adoptada e atrasa a difus\u00e3o da informa\u00e7\u00e3o interna.  <\/p>\n\n\n\n<p><strong>Objetivo:<\/strong> O objetivo da revis\u00e3o da intranet \u00e9 colocar \u00e0 disposi\u00e7\u00e3o de todos os colaboradores uma ferramenta \u00fanica, moderna e unificadora, que se tornar\u00e1 a fonte de informa\u00e7\u00e3o de refer\u00eancia sobre a vida do Grupo. O projeto visa conceber uma plataforma simultaneamente comunicativa, social, colaborativa, documental e orientada para o Digital Workplace. <\/p>\n<\/div>\n<\/div>\n<\/div>\n\n<div class=\"wp-block-group section-title is-vertical is-content-justification-center is-layout-flex wp-container-core-group-is-layout-29835b57 wp-block-group-is-layout-flex\" style=\"margin-top:var(--wp--preset--spacing--x-large);margin-bottom:var(--wp--preset--spacing--small)\">\n<h2 class=\"wp-block-heading has-text-align-center has-light-indigo-color has-text-color has-link-color has-x-large-font-size wp-elements-49e5076b02c915d7dd27b01926b4e21c\" style=\"font-style:italic;font-weight:800;text-transform:uppercase\">A abordagem l\u00f9kla<\/h2>\n\n\n\n<p class=\"has-text-align-center\">Ancorado no <strong>plano de neg\u00f3cios da empresa<\/strong>, o projeto foi realizado <strong>em conjunto<\/strong> com a Comunica\u00e7\u00e3o, o Departamento de TI, os RH e as linhas de neg\u00f3cio no terreno. <br\/>Esta abordagem participativa permitiu a conce\u00e7\u00e3o de um <strong>n\u00facleo comum alinhado com a utiliza\u00e7\u00e3o efectiva<\/strong>, promovendo a simplicidade, a mobilidade e a inclus\u00e3o de todos os empregados.<\/p>\n<\/div>\n\n<div class=\"wp-block-columns alignwide is-layout-flex wp-container-core-columns-is-layout-adb08bd6 wp-block-columns-is-layout-flex\" style=\"margin-bottom:var(--wp--preset--spacing--block-spacing)\">\n<div class=\"wp-block-column is-layout-flow wp-block-column-is-layout-flow\">\n<div class=\"wp-block-group is-nowrap is-layout-flex wp-container-core-group-is-layout-6c531013 wp-block-group-is-layout-flex\">\n<i class=\"wp-block-lukla-icon-block icon i-check has-dark-indigo-background-color has-background has-large-font-size\"\/>\n\n\n\n<p><strong>Perfilado e seguro<\/strong>: <br\/>Acesso personalizado e prote\u00e7\u00e3o de dados para garantir a confidencialidade e a conformidade.<\/p>\n<\/div>\n\n\n\n<div class=\"wp-block-group is-nowrap is-layout-flex wp-container-core-group-is-layout-6c531013 wp-block-group-is-layout-flex\">\n<i class=\"wp-block-lukla-icon-block icon i-check has-dark-indigo-background-color has-background has-large-font-size\"\/>\n\n\n\n<p><strong>Governa\u00e7\u00e3o e co-constru\u00e7\u00e3o: <br\/><\/strong>Foi implementada uma governa\u00e7\u00e3o clara (COPIL, COPROJ, workshops com referentes empresariais). Os workshops de co-constru\u00e7\u00e3o definiram os princ\u00edpios fundamentais da futura <strong>intranet<\/strong>. <\/p>\n<\/div>\n\n\n\n<div class=\"wp-block-group is-nowrap is-layout-flex wp-container-core-group-is-layout-6c531013 wp-block-group-is-layout-flex\">\n<i class=\"wp-block-lukla-icon-block icon i-check has-dark-indigo-background-color has-background has-large-font-size\"\/>\n\n\n\n<p><strong>Forma\u00e7\u00e3o<\/strong>: <br\/>Forma\u00e7\u00e3o por perfil (colaboradores, administradores, utilizadores finais), coordenando a rede de correspondentes.<\/p>\n<\/div>\n<\/div>\n\n\n\n<div class=\"wp-block-column is-layout-flow wp-block-column-is-layout-flow\">\n<div class=\"wp-block-group is-nowrap is-layout-flex wp-container-core-group-is-layout-6c531013 wp-block-group-is-layout-flex\">\n<i class=\"wp-block-lukla-icon-block icon i-check has-dark-indigo-background-color has-background has-large-font-size\"\/>\n\n\n\n<p><strong>Alinhamento com a utiliza\u00e7\u00e3o real:<br\/><\/strong>Foi dada prioridade \u00e0s necessidades do <strong>pessoal ligado e n\u00e3o ligado<\/strong>: acesso m\u00f3vel, transmiss\u00e3o de TV nos dep\u00f3sitos, notifica\u00e7\u00f5es push e conte\u00fados com perfis por fun\u00e7\u00e3o e \u00e1rea de interesse.<\/p>\n<\/div>\n\n\n\n<div class=\"wp-block-group is-nowrap is-layout-flex wp-container-core-group-is-layout-6c531013 wp-block-group-is-layout-flex\">\n<i class=\"wp-block-lukla-icon-block icon i-check has-dark-indigo-background-color has-background has-large-font-size\"\/>\n\n\n\n<p><strong>Ergonomia e acessibilidade melhoradas<\/strong>: interface reactiva <br\/>, design <strong>em conformidade com o RGAA<\/strong>, conte\u00fados acess\u00edveis em menos de 3 cliques e navega\u00e7\u00e3o adaptada a todos os suportes (computador, tablet, telem\u00f3vel, TV).<\/p>\n<\/div>\n<\/div>\n<\/div>\n\n<div class=\"wp-block-group section-title is-vertical is-content-justification-center is-layout-flex wp-container-core-group-is-layout-53050b5c wp-block-group-is-layout-flex\" style=\"margin-top:var(--wp--preset--spacing--block-spacing)\">\n<h2 class=\"wp-block-heading has-text-align-center has-light-indigo-color has-text-color has-link-color has-x-large-font-size wp-elements-b1a76d57db346368e2cfd5cc5f2ddf37\" style=\"font-style:italic;font-weight:800;text-transform:uppercase\">O que fez a diferen\u00e7a<\/h2>\n<\/div>\n\n<div class=\"wp-block-group alignwide two-columns-img-list has-global-padding is-layout-constrained wp-block-group-is-layout-constrained\" style=\"margin-top:var(--wp--preset--spacing--extrasmall);margin-bottom:0\">\n<div class=\"wp-block-columns alignwide are-vertically-aligned-center is-layout-flex wp-container-core-columns-is-layout-9b38e794 wp-block-columns-is-layout-flex\" style=\"margin-bottom:var(--wp--preset--spacing--medium-large)\">\n<div class=\"wp-block-column is-vertically-aligned-center is-layout-flow wp-block-column-is-layout-flow\">\n<figure class=\"wp-block-image aligncenter size-full has-custom-border\"><img decoding=\"async\" width=\"1500\" height=\"1125\" src=\"https:\/\/www.luklagroup.com\/wp-content\/uploads\/2025\/10\/iphone-13-pro.jpg\" alt=\"iphone 13 pro\" class=\"wp-image-911188\" style=\"border-radius:20px\" srcset=\"https:\/\/www.luklagroup.com\/wp-content\/uploads\/2025\/10\/iphone-13-pro.jpg 1500w, https:\/\/www.luklagroup.com\/wp-content\/uploads\/2025\/10\/iphone-13-pro-300x225.jpg 300w, https:\/\/www.luklagroup.com\/wp-content\/uploads\/2025\/10\/iphone-13-pro-1024x768.jpg 1024w, https:\/\/www.luklagroup.com\/wp-content\/uploads\/2025\/10\/iphone-13-pro-768x576.jpg 768w\" sizes=\"(max-width: 1500px) 100vw, 1500px\" \/><\/figure>\n<\/div>\n\n\n\n<div class=\"wp-block-column is-vertically-aligned-center list has-global-padding is-layout-constrained wp-container-core-column-is-layout-23cc8a20 wp-block-column-is-layout-constrained\">\n<div class=\"wp-block-group is-nowrap is-layout-flex wp-container-core-group-is-layout-1b11d160 wp-block-group-is-layout-flex\">\n<i class=\"wp-block-lukla-icon-block icon i-check has-dark-indigo-background-color has-background has-medium-font-size\"\/>\n\n\n\n<p><strong>Uma intranet &#8220;Deskless&#8221; para o pessoal no terreno <\/strong><br\/>Beneficia de uma aplica\u00e7\u00e3o m\u00f3vel dedicada para aceder \u00e0 intranet em movimento e ser alertado por notifica\u00e7\u00f5es, se necess\u00e1rio.  <\/p>\n<\/div>\n\n\n\n<div class=\"wp-block-group is-nowrap is-layout-flex wp-container-core-group-is-layout-1b11d160 wp-block-group-is-layout-flex\">\n<i class=\"wp-block-lukla-icon-block icon i-check has-dark-indigo-background-color has-background has-medium-font-size\"\/>\n\n\n\n<p><strong>Um portal unificado e personaliz\u00e1vel<\/strong>: <br\/>P\u00e1gina inicial modular, <strong>widgets configur\u00e1veis<\/strong>, <strong>acesso a aplica\u00e7\u00f5es empresariais<\/strong>, motor de busca multifuncional e banner de alerta din\u00e2mico.<\/p>\n<\/div>\n\n\n\n<div class=\"wp-block-group is-nowrap is-layout-flex wp-container-core-group-is-layout-1b11d160 wp-block-group-is-layout-flex\">\n<i class=\"wp-block-lukla-icon-block icon i-check has-dark-indigo-background-color has-background has-medium-font-size\"\/>\n\n\n\n<p><strong>Integra\u00e7\u00e3o perfeita com o RTM IS<\/strong>: <br\/>Liga\u00e7\u00f5es nativas com o <strong>Outlook, Teams, Horoquartz e Jobbook<\/strong>, fluxo de trabalho e gest\u00e3o de formul\u00e1rios atrav\u00e9s do <strong>JProcess<\/strong>.<\/p>\n<\/div>\n\n\n\n<p><\/p>\n<\/div>\n<\/div>\n<\/div>\n\n<div class=\"wp-block-group alignwide two-columns-img-list is-horizontal is-layout-flex wp-block-group-is-layout-flex\" style=\"margin-top:var(--wp--preset--spacing--extrasmall);margin-bottom:var(--wp--preset--spacing--block-spacing)\">\n<div class=\"wp-block-columns alignwide are-vertically-aligned-center is-layout-flex wp-container-core-columns-is-layout-28f84493 wp-block-columns-is-layout-flex\">\n<div class=\"wp-block-column is-vertically-aligned-center is-layout-flow wp-block-column-is-layout-flow\">\n<div class=\"wp-block-group is-nowrap is-layout-flex wp-container-core-group-is-layout-1b11d160 wp-block-group-is-layout-flex\">\n<i class=\"wp-block-lukla-icon-block icon i-check has-dark-indigo-background-color has-background has-medium-font-size\"\/>\n\n\n\n<p><strong>Comunica\u00e7\u00e3o vis\u00edvel em todo o lado<\/strong>: <br\/>Transmiss\u00e3o de not\u00edcias e alertas em <strong>televisores ligados<\/strong> instalados em dep\u00f3sitos e oficinas.<\/p>\n<\/div>\n\n\n\n<div class=\"wp-block-group is-nowrap is-layout-flex wp-container-core-group-is-layout-1b11d160 wp-block-group-is-layout-flex\">\n<i class=\"wp-block-lukla-icon-block icon i-check has-dark-indigo-background-color has-background has-medium-font-size\"\/>\n\n\n\n<p><strong>Uma abordagem centrada na utiliza\u00e7\u00e3o e na medi\u00e7\u00e3o do impacto<\/strong>: <br\/>Implementa\u00e7\u00e3o dos indicadores de audi\u00eancia Jalios para acompanhar as visualiza\u00e7\u00f5es das not\u00edcias e o envolvimento dos agentes.<\/p>\n<\/div>\n<\/div>\n\n\n\n<div class=\"wp-block-column is-vertically-aligned-center is-layout-flow wp-block-column-is-layout-flow\">\n<figure class=\"wp-block-image aligncenter size-full\"><img decoding=\"async\" width=\"800\" height=\"533\" src=\"https:\/\/www.luklagroup.com\/wp-content\/uploads\/2025\/10\/tv-rtm.jpg\" alt=\"TV GTR\" class=\"wp-image-950968\" style=\"aspect-ratio:16\/9;object-fit:cover\" srcset=\"https:\/\/www.luklagroup.com\/wp-content\/uploads\/2025\/10\/tv-rtm.jpg 800w, https:\/\/www.luklagroup.com\/wp-content\/uploads\/2025\/10\/tv-rtm-300x200.jpg 300w, https:\/\/www.luklagroup.com\/wp-content\/uploads\/2025\/10\/tv-rtm-768x512.jpg 768w\" sizes=\"(max-width: 800px) 100vw, 800px\" \/><\/figure>\n<\/div>\n<\/div>\n<\/div>\n\n<div class=\"wp-block-group section-title is-vertical is-content-justification-center is-layout-flex wp-container-core-group-is-layout-53050b5c wp-block-group-is-layout-flex\" style=\"margin-top:var(--wp--preset--spacing--block-spacing)\">\n<h2 class=\"wp-block-heading has-text-align-center has-light-indigo-color has-text-color has-link-color has-x-large-font-size wp-elements-9fa9289d7201fcaa5949c8776311ec9f\" style=\"font-style:italic;font-weight:800;text-transform:uppercase\">entra em contacto<\/h2>\n<\/div>\n\n<p><\/p>\n","protected":false},"featured_media":911063,"template":"","category-success-story":[265],"class_list":{"0":"post-1342671","1":"success-story","2":"type-success-story","3":"status-publish","4":"has-post-thumbnail","6":"category-success-story-digital-workplace"},"_links":{"self":[{"href":"https:\/\/www.luklagroup.com\/pt-pt\/wp-json\/wp\/v2\/success-story\/1342671","targetHints":{"allow":["GET"]}}],"collection":[{"href":"https:\/\/www.luklagroup.com\/pt-pt\/wp-json\/wp\/v2\/success-story"}],"about":[{"href":"https:\/\/www.luklagroup.com\/pt-pt\/wp-json\/wp\/v2\/types\/success-story"}],"wp:featuredmedia":[{"embeddable":true,"href":"https:\/\/www.luklagroup.com\/pt-pt\/wp-json\/wp\/v2\/media\/911063"}],"wp:attachment":[{"href":"https:\/\/www.luklagroup.com\/pt-pt\/wp-json\/wp\/v2\/media?parent=1342671"}],"wp:term":[{"taxonomy":"category-success-story","embeddable":true,"href":"https:\/\/www.luklagroup.com\/pt-pt\/wp-json\/wp\/v2\/category-success-story?post=1342671"}],"curies":[{"name":"wp","href":"https:\/\/api.w.org\/{rel}","templated":true}]}}