{"id":1342672,"date":"2025-08-25T16:55:17","date_gmt":"2025-08-25T14:55:17","guid":{"rendered":"https:\/\/www.luklagroup.com\/success-story\/criar-um-local-de-trabalho-digital-com-jalios\/"},"modified":"2026-02-04T14:44:02","modified_gmt":"2026-02-04T13:44:02","slug":"criar-um-local-de-trabalho-digital-com-jalios","status":"publish","type":"success-story","link":"https:\/\/www.luklagroup.com\/pt-pt\/hist\u00f3ria-de-sucesso\/criar-um-local-de-trabalho-digital-com-jalios\/","title":{"rendered":"Criar um local de trabalho digital com Jalios"},"content":{"rendered":"\n<div style=\"height:50px\" aria-hidden=\"true\" class=\"wp-block-spacer\"><\/div>\n\n<div class=\"wp-block-group section-title is-vertical is-content-justification-center is-layout-flex wp-container-core-group-is-layout-b032f303 wp-block-group-is-layout-flex\">\n<h2 class=\"wp-block-heading has-text-align-center has-light-indigo-color has-text-color has-link-color has-x-large-font-size wp-elements-e3bccd0fb6131ded416c8013b7b87a07\" style=\"font-style:italic;font-weight:800;text-transform:uppercase\">Contexto<\/h2>\n<\/div>\n\n<div class=\"wp-block-group alignwide has-global-padding is-layout-constrained wp-block-group-is-layout-constrained\" style=\"margin-bottom:var(--wp--preset--spacing--block-spacing)\">\n<div class=\"wp-block-columns alignwide are-vertically-aligned-center is-layout-flex wp-container-core-columns-is-layout-97d981de wp-block-columns-is-layout-flex\">\n<div class=\"wp-block-column is-vertically-aligned-center is-layout-flow wp-block-column-is-layout-flow\">\n<figure class=\"wp-block-image aligncenter size-full has-custom-border\"><img decoding=\"async\" width=\"1024\" height=\"681\" src=\"https:\/\/www.luklagroup.com\/wp-content\/uploads\/2025\/08\/mock-up-2.png\" alt=\"maqueta 2\" class=\"wp-image-679002\" style=\"border-radius:10px\" srcset=\"https:\/\/www.luklagroup.com\/wp-content\/uploads\/2025\/08\/mock-up-2.png 1024w, https:\/\/www.luklagroup.com\/wp-content\/uploads\/2025\/08\/mock-up-2-300x200.png 300w, https:\/\/www.luklagroup.com\/wp-content\/uploads\/2025\/08\/mock-up-2-768x511.png 768w\" sizes=\"(max-width: 1024px) 100vw, 1024px\" \/><\/figure>\n<\/div>\n\n\n\n<div class=\"wp-block-column is-vertically-aligned-center is-layout-flow wp-block-column-is-layout-flow\">\n<p>Com mais de 5000 alunos, 300 funcion\u00e1rios e 600 professores, a Excelia queria criar um local de trabalho digital para criar uma cultura digital partilhada.<\/p>\n\n\n\n<p>O principal desafio \u00e9 reunir todas as comunidades (alunos, professores, pessoal administrativo) em torno de novas pr\u00e1ticas e h\u00e1bitos para incentivar a colabora\u00e7\u00e3o e a inova\u00e7\u00e3o educativa.<\/p>\n\n\n\n<p>A plataforma destina-se tamb\u00e9m aos futuros candidatos, que podem inscrever-se diretamente na escola, escolhendo o curso, o ritmo e o local de estudo. Todos os procedimentos administrativos inerentes \u00e0 inscri\u00e7\u00e3o est\u00e3o centralizados no Digital Workplace, simplificando e agilizando o processo de entrada na Excelia. <\/p>\n<\/div>\n<\/div>\n<\/div>\n\n<div class=\"wp-block-group section-title is-vertical is-content-justification-center is-layout-flex wp-container-core-group-is-layout-29835b57 wp-block-group-is-layout-flex\" style=\"margin-top:var(--wp--preset--spacing--x-large);margin-bottom:var(--wp--preset--spacing--small)\">\n<h2 class=\"wp-block-heading has-text-align-center has-light-indigo-color has-text-color has-link-color has-x-large-font-size wp-elements-49e5076b02c915d7dd27b01926b4e21c\" style=\"font-style:italic;font-weight:800;text-transform:uppercase\">A abordagem l\u00f9kla<\/h2>\n\n\n\n<p class=\"has-text-align-center\">Para apoiar a Excelia, implement\u00e1mos uma abordagem colaborativa centrada na experi\u00eancia do utilizador, a fim de envolver os funcion\u00e1rios <br\/>desde as primeiras fases de implementa\u00e7\u00e3o do Digital Workplace.<\/p>\n<\/div>\n\n<div class=\"wp-block-columns alignwide is-layout-flex wp-container-core-columns-is-layout-adb08bd6 wp-block-columns-is-layout-flex\" style=\"margin-bottom:var(--wp--preset--spacing--block-spacing)\">\n<div class=\"wp-block-column is-layout-flow wp-block-column-is-layout-flow\">\n<div class=\"wp-block-group is-nowrap is-layout-flex wp-container-core-group-is-layout-6c531013 wp-block-group-is-layout-flex\">\n<i class=\"wp-block-lukla-icon-block icon i-check has-dark-indigo-background-color has-background has-large-font-size\"\/>\n\n\n\n<p><strong>Governa\u00e7\u00e3o clara:<br\/><\/strong>Estabelecer uma gest\u00e3o estruturada do projeto para alinhar todas as partes interessadas.<\/p>\n<\/div>\n\n\n\n<div class=\"wp-block-group is-nowrap is-layout-flex wp-container-core-group-is-layout-6c531013 wp-block-group-is-layout-flex\">\n<i class=\"wp-block-lukla-icon-block icon i-check has-dark-indigo-background-color has-background has-large-font-size\"\/>\n\n\n\n<p><strong>Uma comunidade de embaixadores:<br\/><\/strong>Mobiliza\u00e7\u00e3o de actores internos para transmitir o projeto e ancorar a utiliza\u00e7\u00e3o no terreno.<\/p>\n<\/div>\n<\/div>\n\n\n\n<div class=\"wp-block-column is-layout-flow wp-block-column-is-layout-flow\">\n<div class=\"wp-block-group is-nowrap is-layout-flex wp-container-core-group-is-layout-6c531013 wp-block-group-is-layout-flex\">\n<i class=\"wp-block-lukla-icon-block icon i-check has-dark-indigo-background-color has-background has-large-font-size\"\/>\n\n\n\n<p><strong>Uma abordagem centrada no utilizador:<br\/><\/strong>Adapta\u00e7\u00e3o dos cursos a diferentes perfis (estudantes, professores, pessoal administrativo).<\/p>\n<\/div>\n\n\n\n<div class=\"wp-block-group is-nowrap is-layout-flex wp-container-core-group-is-layout-6c531013 wp-block-group-is-layout-flex\">\n<i class=\"wp-block-lukla-icon-block icon i-check has-dark-indigo-background-color has-background has-large-font-size\"\/>\n\n\n\n<p><strong>M\u00e9todos comprovados:<br\/><\/strong>Combina\u00e7\u00e3o de metodologias de gest\u00e3o da mudan\u00e7a (ADKAR, design thinking) e indicadores de acompanhamento para medir concretamente a ado\u00e7\u00e3o.<\/p>\n<\/div>\n<\/div>\n<\/div>\n\n<p class=\"has-text-align-center\">Foi tamb\u00e9m efectuado um extenso trabalho de integra\u00e7\u00e3o t\u00e9cnica para garantir a coer\u00eancia entre o Digital Workplace e o sistema de informa\u00e7\u00e3o existente. Em particular, a plataforma est\u00e1 ligada ao software Aurion, a ferramenta central de gest\u00e3o acad\u00e9mica (planifica\u00e7\u00e3o, notas, faltas), garantindo a continuidade do servi\u00e7o e uma experi\u00eancia perfeita tanto para os alunos como para o pessoal. <\/p>\n\n<div class=\"wp-block-group has-global-padding is-layout-constrained wp-block-group-is-layout-constrained\">\n<div style=\"height:100px\" aria-hidden=\"true\" class=\"wp-block-spacer\"><\/div>\n<\/div>\n\n<div class=\"wp-block-group section-title is-vertical is-content-justification-center is-layout-flex wp-container-core-group-is-layout-b032f303 wp-block-group-is-layout-flex\">\n<h2 class=\"wp-block-heading has-text-align-center has-light-indigo-color has-text-color has-link-color has-x-large-font-size wp-elements-b1a76d57db346368e2cfd5cc5f2ddf37\" style=\"font-style:italic;font-weight:800;text-transform:uppercase\">O que fez a diferen\u00e7a<\/h2>\n<\/div>\n\n<div class=\"wp-block-group alignwide two-columns-img-list has-global-padding is-layout-constrained wp-block-group-is-layout-constrained\" style=\"margin-top:var(--wp--preset--spacing--extrasmall);margin-bottom:var(--wp--preset--spacing--block-spacing)\">\n<div class=\"wp-block-columns alignwide are-vertically-aligned-center is-layout-flex wp-container-core-columns-is-layout-28f84493 wp-block-columns-is-layout-flex\">\n<div class=\"wp-block-column is-vertically-aligned-center is-layout-flow wp-block-column-is-layout-flow\">\n<figure class=\"wp-block-image aligncenter size-full is-resized has-custom-border\"><img decoding=\"async\" width=\"735\" height=\"551\" src=\"https:\/\/www.luklagroup.com\/wp-content\/uploads\/2025\/08\/mockup-3.png\" alt=\"maquete\" class=\"wp-image-679024\" style=\"border-radius:20px;width:452px;height:auto\" srcset=\"https:\/\/www.luklagroup.com\/wp-content\/uploads\/2025\/08\/mockup-3.png 735w, https:\/\/www.luklagroup.com\/wp-content\/uploads\/2025\/08\/mockup-3-300x225.png 300w\" sizes=\"(max-width: 735px) 100vw, 735px\" \/><\/figure>\n<\/div>\n\n\n\n<div class=\"wp-block-column is-vertically-aligned-center list has-global-padding is-layout-constrained wp-container-core-column-is-layout-23cc8a20 wp-block-column-is-layout-constrained\">\n<div class=\"wp-block-group is-nowrap is-layout-flex wp-container-core-group-is-layout-1b11d160 wp-block-group-is-layout-flex\">\n<i class=\"wp-block-lukla-icon-block icon i-check has-dark-indigo-background-color has-background has-medium-font-size\"\/>\n\n\n\n<p>Um projeto inclusivo: todas as comunidades do Excelia (alunos, professores, funcion\u00e1rios) foram envolvidas desde o in\u00edcio.<\/p>\n<\/div>\n\n\n\n<div class=\"wp-block-group is-nowrap is-layout-flex wp-container-core-group-is-layout-1b11d160 wp-block-group-is-layout-flex\">\n<i class=\"wp-block-lukla-icon-block icon i-check has-dark-indigo-background-color has-background has-medium-font-size\"\/>\n\n\n\n<p>Uma abordagem pedag\u00f3gica: a co-constru\u00e7\u00e3o facilitou a ado\u00e7\u00e3o de novas pr\u00e1ticas e refor\u00e7ou a cultura digital partilhada.<\/p>\n<\/div>\n\n\n\n<div class=\"wp-block-group is-nowrap is-layout-flex wp-container-core-group-is-layout-1b11d160 wp-block-group-is-layout-flex\">\n<i class=\"wp-block-lukla-icon-block icon i-check has-dark-indigo-background-color has-background has-medium-font-size\"\/>\n\n\n\n<p>Gest\u00e3o rigorosa: indicadores claros e acompanhamento cont\u00ednuo permitiram uma gest\u00e3o eficaz da transforma\u00e7\u00e3o.<\/p>\n<\/div>\n\n\n\n<div class=\"wp-block-group is-nowrap is-layout-flex wp-container-core-group-is-layout-1b11d160 wp-block-group-is-layout-flex\">\n<i class=\"wp-block-lukla-icon-block icon i-check has-dark-indigo-background-color has-background has-medium-font-size\"\/>\n\n\n\n<p>Forte presen\u00e7a local: o papel dos embaixadores internos acelerou a ades\u00e3o e incentivou a difus\u00e3o das melhores pr\u00e1ticas.<\/p>\n<\/div>\n<\/div>\n<\/div>\n<\/div>\n\n<div class=\"wp-block-group alignwide group-values has-global-padding is-layout-constrained wp-block-group-is-layout-constrained\">\n<div class=\"wp-block-group alignfull group-values__quote is-nowrap is-layout-flex wp-container-core-group-is-layout-9b6d83ce wp-block-group-is-layout-flex\"\/>\n<\/div>\n\n<div class=\"wp-block-group section-title is-vertical is-content-justification-center is-layout-flex wp-container-core-group-is-layout-53050b5c wp-block-group-is-layout-flex\" style=\"margin-top:var(--wp--preset--spacing--block-spacing)\">\n<h2 class=\"wp-block-heading has-text-align-center has-light-indigo-color has-text-color has-link-color has-x-large-font-size wp-elements-9fa9289d7201fcaa5949c8776311ec9f\" style=\"font-style:italic;font-weight:800;text-transform:uppercase\">entra em contacto<\/h2>\n<\/div>\n\n<p><\/p>\n","protected":false},"featured_media":675332,"template":"","category-success-story":[251,265],"class_list":{"0":"post-1342672","1":"success-story","2":"type-success-story","3":"status-publish","4":"has-post-thumbnail","6":"category-success-story-change-adopt","7":"category-success-story-digital-workplace"},"_links":{"self":[{"href":"https:\/\/www.luklagroup.com\/pt-pt\/wp-json\/wp\/v2\/success-story\/1342672","targetHints":{"allow":["GET"]}}],"collection":[{"href":"https:\/\/www.luklagroup.com\/pt-pt\/wp-json\/wp\/v2\/success-story"}],"about":[{"href":"https:\/\/www.luklagroup.com\/pt-pt\/wp-json\/wp\/v2\/types\/success-story"}],"wp:featuredmedia":[{"embeddable":true,"href":"https:\/\/www.luklagroup.com\/pt-pt\/wp-json\/wp\/v2\/media\/675332"}],"wp:attachment":[{"href":"https:\/\/www.luklagroup.com\/pt-pt\/wp-json\/wp\/v2\/media?parent=1342672"}],"wp:term":[{"taxonomy":"category-success-story","embeddable":true,"href":"https:\/\/www.luklagroup.com\/pt-pt\/wp-json\/wp\/v2\/category-success-story?post=1342672"}],"curies":[{"name":"wp","href":"https:\/\/api.w.org\/{rel}","templated":true}]}}